{"id":2890,"date":"2025-03-12T14:17:52","date_gmt":"2025-03-12T17:17:52","guid":{"rendered":"https:\/\/aguasdelcolorado.com.ar\/?p=2890"},"modified":"2025-03-12T14:17:52","modified_gmt":"2025-03-12T17:17:52","slug":"certifican-que-el-agua-del-acueducto-del-colorado-es-apta-para-consumo-humano","status":"publish","type":"post","link":"https:\/\/aguasdelcolorado.com.ar\/2025\/certifican-que-el-agua-del-acueducto-del-colorado-es-apta-para-consumo-humano\/","title":{"rendered":"Certifican que el agua del acueducto del Colorado es apta para consumo humano"},"content":{"rendered":"<h3>An\u00e1lisis solicitados por Aguas del Colorado y la Secretar\u00eda de Recursos H\u00eddricos certifican que el agua del acueducto, a pesar de presentar alteraci\u00f3n en su aroma y sabor, es apta para el consumo humano y confirmaron que el fen\u00f3meno obedece a la presencia extraordinaria de algas en el rio.<\/h3>\n<h3><img decoding=\"async\" class=\"size-medium wp-image-2891 aligncenter\" src=\"https:\/\/aguasdelcolorado.com.ar\/wp-content\/uploads\/2025\/03\/agua-del-acueducto-del-Colorado.jpg\" alt=\"\" width=\"100%\" \/><\/h3>\n<p>No obstante la certeza que otorgan los an\u00e1lisis realizados, al haberse detectado olores y alteraci\u00f3n del sabor durante el tratamiento del agua cruda que ingresa desde el R\u00edo Colorado a la planta ubicada en Pichi Mahuida, tanto desde la empresa Aguas del Colorado SAPEM como desde el Co.I.R.Co., se han reforzado los sistemas de control y se implementaron maniobras correctivas en el proceso de potabilizaci\u00f3n durante la \u00faltima semana.<br \/>\nLos resultados de los an\u00e1lisis bacteriol\u00f3gicos y fisicoqu\u00edmicos de rutina de la calidad del agua realizados por la empresa Aguas del Colorado determinaron que los par\u00e1metros obtenidos no difieren de los efectuados d\u00edas previos, correspondiendo el \u00faltimo informe al d\u00eda 9 de marzo del corriente a\u00f1o.<\/p>\n<p>Asimismo, se encargaron an\u00e1lisis espec\u00edficos de muestras extra\u00eddas en la toma del r\u00edo a la Facultad de Ciencias Exactas y Naturales de la Universidad Nacional de La Pampa, para determinar la presencia de microorganismos.<br \/>\nSi bien ya no se detecta olor en el ingreso del agua a la planta potabilizadora, se determin\u00f3 proviene de un crecimiento masivo de fitoplancton, en la cuenca baja del r\u00edo, debido a un fen\u00f3meno natural ante condiciones clim\u00e1ticas favorables.<\/p>\n<p>Igualmente se contin\u00faan efectuando an\u00e1lisis de rutina en las 16 localidades intermedias a las que se suministra agua potable desde el Acueducto del R\u00edo Colorado, hasta su recepci\u00f3n final en la ciudad de Santa Rosa.<br \/>\nEl fen\u00f3meno descripto anteriormente, se registr\u00f3, adem\u00e1s, en distintas ciudades de las provincias de Buenos Aires y R\u00edo Negro, que tambi\u00e9n se abastecen del R\u00edo Colorado, donde el agua consumida por los habitantes no gener\u00f3 ning\u00fan tipo de consecuencias a la salud.<\/p>\n<p>Desde Co.I.R.Co., los d\u00edas 2 a 4 de marzo, se extrajeron muestras en cinco puntos de la cuenca, desde Puente Dique en 25 de Mayo, Lago Casa de Piedra, toma de agua de la empresa Aguas del Colorado, localidad de R\u00edo Colorado (Rio Negro) &#8211; La Adela y El Gualicho, que se enviaron a un laboratorio especializado de Bah\u00eda Blanca para conocer el origen de las anomal\u00edas detectadas. Los resultados confirmaron que el agua analizada es apta para el consumo humano.<\/p>\n","protected":false},"excerpt":{"rendered":"<p>An\u00e1lisis solicitados por Aguas del Colorado y la Secretar\u00eda de Recursos H\u00eddricos certifican que el agua del acueducto, a pesar de presentar alteraci\u00f3n en su aroma y sabor, es apta para el consumo humano y confirmaron que el fen\u00f3meno obedece a la presencia extraordinaria de algas en el rio. No obstante la certeza que otorgan [&hellip;]<\/p>\n","protected":false},"author":1,"featured_media":2891,"comment_status":"closed","ping_status":"closed","sticky":false,"template":"","format":"standard","meta":{"footnotes":""},"categories":[2],"tags":[],"class_list":["post-2890","post","type-post","status-publish","format-standard","has-post-thumbnail","hentry","category-noticias"],"_links":{"self":[{"href":"https:\/\/aguasdelcolorado.com.ar\/2025\/wp-json\/wp\/v2\/posts\/2890","targetHints":{"allow":["GET"]}}],"collection":[{"href":"https:\/\/aguasdelcolorado.com.ar\/2025\/wp-json\/wp\/v2\/posts"}],"about":[{"href":"https:\/\/aguasdelcolorado.com.ar\/2025\/wp-json\/wp\/v2\/types\/post"}],"author":[{"embeddable":true,"href":"https:\/\/aguasdelcolorado.com.ar\/2025\/wp-json\/wp\/v2\/users\/1"}],"replies":[{"embeddable":true,"href":"https:\/\/aguasdelcolorado.com.ar\/2025\/wp-json\/wp\/v2\/comments?post=2890"}],"version-history":[{"count":0,"href":"https:\/\/aguasdelcolorado.com.ar\/2025\/wp-json\/wp\/v2\/posts\/2890\/revisions"}],"wp:featuredmedia":[{"embeddable":true,"href":"https:\/\/aguasdelcolorado.com.ar\/2025\/wp-json\/"}],"wp:attachment":[{"href":"https:\/\/aguasdelcolorado.com.ar\/2025\/wp-json\/wp\/v2\/media?parent=2890"}],"wp:term":[{"taxonomy":"category","embeddable":true,"href":"https:\/\/aguasdelcolorado.com.ar\/2025\/wp-json\/wp\/v2\/categories?post=2890"},{"taxonomy":"post_tag","embeddable":true,"href":"https:\/\/aguasdelcolorado.com.ar\/2025\/wp-json\/wp\/v2\/tags?post=2890"}],"curies":[{"name":"wp","href":"https:\/\/api.w.org\/{rel}","templated":true}]}}