{"id":2128,"date":"2023-04-23T00:51:29","date_gmt":"2023-04-23T00:51:29","guid":{"rendered":"https:\/\/aguasdelcolorado.com.ar\/?p=2128"},"modified":"2023-04-23T00:51:29","modified_gmt":"2023-04-23T00:51:29","slug":"nueva-cisterna-en-santa-rosa-fortaleciendo-el-abastecimiento-de-agua-potable","status":"publish","type":"post","link":"https:\/\/aguasdelcolorado.com.ar\/2025\/nueva-cisterna-en-santa-rosa-fortaleciendo-el-abastecimiento-de-agua-potable\/","title":{"rendered":"Nueva cisterna en Santa Rosa: Fortaleciendo el abastecimiento de agua potable"},"content":{"rendered":"<div class=\"wpb-content-wrapper\"><p>[vc_section][vc_row][vc_column offset=&#8221;vc_col-lg-offset-2 vc_col-lg-8&#8243;][vc_column_text]Ya se encuentra en funcionamiento la primera de las dos nuevas cisternas, ubicadas en el extremo sudeste del predio de la empresa en Santa Rosa. Con una capacidad de 5.000 m\u00b3 cada una, estas cisternas de reserva de hormig\u00f3n armado, desempe\u00f1ar\u00e1n un papel fundamental en el suministro de agua potable para la ciudad.stas se encuentran ubicadas en el \u00e1rea lateral oeste del predio.[\/vc_column_text][ut_parallax_quote quote_linebreak_mobile=&#8221;on&#8221; cite_custom_border=&#8221;yes&#8221; quote_font_source=&#8221;google&#8221; quote_google_fonts=&#8221;font_family:Raleway%3A100%2C100italic%2C200%2C200italic%2C300%2C300italic%2Cregular%2Citalic%2C500%2C500italic%2C600%2C600italic%2C700%2C700italic%2C800%2C800italic%2C900%2C900italic|font_style:800%20bold%20regular%3A800%3Anormal&#8221; quote_font_size=&#8221;30&#8243; quote_line_height=&#8221;40&#8243; quote_letter_spacing=&#8221;-0.03&#8243; quote_ins_font_weight=&#8221;&#8221; cite_font_source=&#8221;google&#8221; cite_google_fonts=&#8221;font_family:Raleway%3A100%2C100italic%2C200%2C200italic%2C300%2C300italic%2Cregular%2Citalic%2C500%2C500italic%2C600%2C600italic%2C700%2C700italic%2C800%2C800italic%2C900%2C900italic|font_style:600%20bold%20italic%3A600%3Aitalic&#8221; cite_font_size=&#8221;12&#8243; cite_letter_spacing=&#8221;0.05&#8243; cite_font_weight=&#8221;&#8221; revealfx=&#8221;on&#8221; revealfx_color=&#8221;#151515&#8243; cite_color=&#8221;#313131&#8243; cite_border_color=&#8221;#dddddd&#8221;]Las nuevas cisternas ampliar\u00e1n las reservas de la empresa a 15.000 m\u00b3 de capacidad.[\/ut_parallax_quote][vc_column_text]En una primera etapa, las cisternas C6-2 y C6-3 recibir\u00e1n el agua proveniente del acueducto del r\u00edo Colorado, asegurando el abastecimiento a la ciudad de Santa Rosa. En el futuro, esta reserva estrat\u00e9gica tambi\u00e9n se utilizar\u00e1 para alimentar el acueducto del R\u00edo Colorado al norte de la provincia, compartiendo su funci\u00f3n con la impulsi\u00f3n correspondiente.<\/p>\n<p>Actualmente, el agua ingresante se destina a dos cisternas circulares de 5.000 m\u00b3 propiedad de la Municipalidad de Santa Rosa, as\u00ed como a una tercera cisterna similar C6-1 propiedad de Aguas del Colorado. Estas se encuentran ubicadas en el \u00e1rea lateral oeste del predio.[\/vc_column_text][vc_column_text]La nuevas cisternas permitir\u00e1n un control eficiente del caudal de ingreso y egreso de agua, mediante v\u00e1lvulas reguladoras y operaci\u00f3n a distancia. Esto permitir\u00e1 abastecer las necesidades de la Municipalidad de Santa Rosa y, al mismo tiempo, mantener un volumen de reserva para satisfacer los requerimientos de la ciudad en casos de reparaciones o mantenimiento del acueducto.[\/vc_column_text][ut_parallax_quote quote_linebreak_mobile=&#8221;on&#8221; cite_custom_border=&#8221;yes&#8221; quote_font_source=&#8221;google&#8221; quote_google_fonts=&#8221;font_family:Raleway%3A100%2C100italic%2C200%2C200italic%2C300%2C300italic%2Cregular%2Citalic%2C500%2C500italic%2C600%2C600italic%2C700%2C700italic%2C800%2C800italic%2C900%2C900italic|font_style:800%20bold%20regular%3A800%3Anormal&#8221; quote_font_size=&#8221;30&#8243; quote_line_height=&#8221;40&#8243; quote_letter_spacing=&#8221;-0.03&#8243; quote_ins_font_weight=&#8221;&#8221; cite_font_source=&#8221;google&#8221; cite_google_fonts=&#8221;font_family:Raleway%3A100%2C100italic%2C200%2C200italic%2C300%2C300italic%2Cregular%2Citalic%2C500%2C500italic%2C600%2C600italic%2C700%2C700italic%2C800%2C800italic%2C900%2C900italic|font_style:600%20bold%20italic%3A600%3Aitalic&#8221; cite_font_size=&#8221;12&#8243; cite_letter_spacing=&#8221;0.05&#8243; cite_font_weight=&#8221;&#8221; revealfx=&#8221;on&#8221; revealfx_color=&#8221;#151515&#8243; cite_color=&#8221;#313131&#8243; cite_border_color=&#8221;#dddddd&#8221;]Las cisternas C6-2 y C6-3 marcan un hito importante en la gesti\u00f3n del agua, garantizando un suministro continuo y reduciendo posibles interrupciones en el servicio.[\/ut_parallax_quote][vc_column_text]En una segunda etapa, cuando se ampl\u00ede el sistema con un nuevo m\u00f3dulo de tratamiento, estaciones de bombeo adicionales y otras cisternas intermedias, la cisternas C6-2 y C6-3 cumplir\u00e1n una doble funci\u00f3n como reserva de agua y como alimentadora de la futura estaci\u00f3n de bombeo hacia el norte de la provincia.<\/p>\n<p>Con la puesta en funcionamiento de la cisterna C6-2, Aguas del Colorado contin\u00faa su compromiso de garantizar un suministro confiable y de calidad de agua potable para la comunidad de Santa Rosa.[\/vc_column_text][\/vc_column][\/vc_row][\/vc_section]<\/p>\n<\/div>","protected":false},"excerpt":{"rendered":"<p>Ya se encuentra en funcionamiento la primera de las dos nuevas cisternas, ubicadas en el extremo sudeste del predio de la empresa en Santa Rosa.<\/p>\n","protected":false},"author":1,"featured_media":2610,"comment_status":"closed","ping_status":"closed","sticky":false,"template":"","format":"standard","meta":{"footnotes":""},"categories":[2],"tags":[10],"class_list":["post-2128","post","type-post","status-publish","format-standard","has-post-thumbnail","hentry","category-noticias","tag-infraestructura"],"_links":{"self":[{"href":"https:\/\/aguasdelcolorado.com.ar\/2025\/wp-json\/wp\/v2\/posts\/2128","targetHints":{"allow":["GET"]}}],"collection":[{"href":"https:\/\/aguasdelcolorado.com.ar\/2025\/wp-json\/wp\/v2\/posts"}],"about":[{"href":"https:\/\/aguasdelcolorado.com.ar\/2025\/wp-json\/wp\/v2\/types\/post"}],"author":[{"embeddable":true,"href":"https:\/\/aguasdelcolorado.com.ar\/2025\/wp-json\/wp\/v2\/users\/1"}],"replies":[{"embeddable":true,"href":"https:\/\/aguasdelcolorado.com.ar\/2025\/wp-json\/wp\/v2\/comments?post=2128"}],"version-history":[{"count":0,"href":"https:\/\/aguasdelcolorado.com.ar\/2025\/wp-json\/wp\/v2\/posts\/2128\/revisions"}],"wp:featuredmedia":[{"embeddable":true,"href":"https:\/\/aguasdelcolorado.com.ar\/2025\/wp-json\/"}],"wp:attachment":[{"href":"https:\/\/aguasdelcolorado.com.ar\/2025\/wp-json\/wp\/v2\/media?parent=2128"}],"wp:term":[{"taxonomy":"category","embeddable":true,"href":"https:\/\/aguasdelcolorado.com.ar\/2025\/wp-json\/wp\/v2\/categories?post=2128"},{"taxonomy":"post_tag","embeddable":true,"href":"https:\/\/aguasdelcolorado.com.ar\/2025\/wp-json\/wp\/v2\/tags?post=2128"}],"curies":[{"name":"wp","href":"https:\/\/api.w.org\/{rel}","templated":true}]}}